{"id":6014,"date":"2025-09-29T21:16:51","date_gmt":"2025-09-29T21:16:51","guid":{"rendered":"https:\/\/partielinsaf.mr\/fr\/?p=6014"},"modified":"2025-09-29T21:18:35","modified_gmt":"2025-09-29T21:18:35","slug":"6014","status":"publish","type":"post","link":"https:\/\/partielinsaf.mr\/fr\/?p=6014","title":{"rendered":"Le parti El Insaf remercie les habitants de la wilaya du Trarza pour leur contribution au succ\u00e8s de la visite de Son Excellence le Pr\u00e9sident de la R\u00e9publique"},"content":{"rendered":"<div class=\"relative flex-1 bg-[#f7f7f7] rounded-t-[12px]\">\n<div class=\"w-full p-[20px] rounded-[12px] leading-5 min-h-[326px]\">\n<div class=\"translator-results-align\">\n<p>Parti El Insaf<\/p>\n<p>&nbsp;<\/p>\n<p>D\u00e9claration de remerciement et de reconnaissance<\/p>\n<p>&nbsp;<\/p>\n<p>Le parti El Insaf exprime ses sinc\u00e8res remerciements et sa gratitude aux habitants de la wilaya du Trarza en g\u00e9n\u00e9ral, et \u00e0 ceux de la moughataa de Keur Mac\u00e8ne en particulier, pour l&rsquo;accueil chaleureux, la sinc\u00e9rit\u00e9 de leur appartenance et la g\u00e9n\u00e9rosit\u00e9 de leur hospitalit\u00e9 lors de la visite du pr\u00e9sident du parti, Son Excellence le ministre Sid&rsquo;Ahmed Ould Mohamed, dans le cadre des pr\u00e9paratifs de la visite de travail effectu\u00e9e par Son Excellence le Pr\u00e9sident de la R\u00e9publique, Monsieur Mohamed Ould Cheikh El Ghazouani, dans la moughataa.<\/p>\n<p>Cette visite pr\u00e9sidentielle a constitu\u00e9 une \u00e9tape marquante dans le processus de d\u00e9veloppement national, avec l&rsquo;inauguration et la pose de la premi\u00e8re pierre de projets vitaux qui devraient apporter un changement qualitatif dans la vie des citoyens, notamment en mati\u00e8re de s\u00e9curisation de l&rsquo;eau potable, d&rsquo;am\u00e9lioration des r\u00e9seaux de distribution et d&rsquo;augmentation de la capacit\u00e9 de production. Ces projets contribueront \u00e0 soulager les souffrances des habitants, \u00e0 renforcer la stabilit\u00e9 sociale et \u00e0 ouvrir de nouvelles perspectives pour le d\u00e9veloppement local et national.<\/p>\n<p>Le parti El Insaf affirme que ces grandes r\u00e9alisations de d\u00e9veloppement refl\u00e8tent clairement la vision \u00e9clair\u00e9e de Son Excellence le Pr\u00e9sident de la R\u00e9publique, visant \u00e0 atteindre la justice sociale et \u00e0 promouvoir un d\u00e9veloppement \u00e9quilibr\u00e9 entre les diff\u00e9rentes wilayas du pays. De plus, le large soutien populaire \u00e0 cette visite historique est une preuve irr\u00e9futable de la conscience des citoyens quant \u00e0 l&rsquo;importance de ces projets et de leur adh\u00e9sion sinc\u00e8re aux choix de la direction nationale.<\/p>\n<p>Tout en appr\u00e9ciant cette grande interaction populaire, le parti El Insaf renouvelle son engagement \u00e0 poursuivre ses efforts pour consolider les valeurs d&rsquo;unit\u00e9 et d&rsquo;\u00e9quit\u00e9, renforcer les acquis du d\u00e9veloppement et avancer dans la construction d&rsquo;une Mauritanie forte et prosp\u00e8re sous la direction \u00e9clair\u00e9e de Son Excellence le Pr\u00e9sident de la R\u00e9publique.<\/p>\n<p>Nouakchott, le 29 d\u00e9cembre 2025<\/p>\n<p>&nbsp;<\/p>\n<p>Parti El Insaf<\/p>\n<p><img loading=\"lazy\" decoding=\"async\" class=\"alignnone size-full wp-image-6016\" src=\"https:\/\/partielinsaf.mr\/fr\/wp-content\/uploads\/2025\/09\/2.jpeg\" alt=\"\" width=\"1500\" height=\"996\" srcset=\"https:\/\/partielinsaf.mr\/fr\/wp-content\/uploads\/2025\/09\/2.jpeg 1500w, https:\/\/partielinsaf.mr\/fr\/wp-content\/uploads\/2025\/09\/2-768x510.jpeg 768w\" sizes=\"auto, (max-width: 1500px) 100vw, 1500px\" \/><img loading=\"lazy\" decoding=\"async\" class=\"alignnone size-full wp-image-6017\" src=\"https:\/\/partielinsaf.mr\/fr\/wp-content\/uploads\/2025\/09\/3.jpeg\" alt=\"\" width=\"2048\" height=\"1365\" srcset=\"https:\/\/partielinsaf.mr\/fr\/wp-content\/uploads\/2025\/09\/3.jpeg 2048w, https:\/\/partielinsaf.mr\/fr\/wp-content\/uploads\/2025\/09\/3-768x512.jpeg 768w, https:\/\/partielinsaf.mr\/fr\/wp-content\/uploads\/2025\/09\/3-1536x1024.jpeg 1536w\" sizes=\"auto, (max-width: 2048px) 100vw, 2048px\" \/><img loading=\"lazy\" decoding=\"async\" class=\"alignnone size-full wp-image-6018\" src=\"https:\/\/partielinsaf.mr\/fr\/wp-content\/uploads\/2025\/09\/4.jpeg\" alt=\"\" width=\"2048\" height=\"1365\" srcset=\"https:\/\/partielinsaf.mr\/fr\/wp-content\/uploads\/2025\/09\/4.jpeg 2048w, https:\/\/partielinsaf.mr\/fr\/wp-content\/uploads\/2025\/09\/4-768x512.jpeg 768w, https:\/\/partielinsaf.mr\/fr\/wp-content\/uploads\/2025\/09\/4-1536x1024.jpeg 1536w\" sizes=\"auto, (max-width: 2048px) 100vw, 2048px\" \/><img loading=\"lazy\" decoding=\"async\" class=\"alignnone size-full wp-image-6019\" src=\"https:\/\/partielinsaf.mr\/fr\/wp-content\/uploads\/2025\/09\/5.jpeg\" alt=\"\" width=\"2048\" height=\"1365\" srcset=\"https:\/\/partielinsaf.mr\/fr\/wp-content\/uploads\/2025\/09\/5.jpeg 2048w, https:\/\/partielinsaf.mr\/fr\/wp-content\/uploads\/2025\/09\/5-768x512.jpeg 768w, https:\/\/partielinsaf.mr\/fr\/wp-content\/uploads\/2025\/09\/5-1536x1024.jpeg 1536w\" sizes=\"auto, (max-width: 2048px) 100vw, 2048px\" \/><img loading=\"lazy\" decoding=\"async\" class=\"alignnone size-full wp-image-6020\" src=\"https:\/\/partielinsaf.mr\/fr\/wp-content\/uploads\/2025\/09\/6.jpeg\" alt=\"\" width=\"2048\" height=\"1365\" srcset=\"https:\/\/partielinsaf.mr\/fr\/wp-content\/uploads\/2025\/09\/6.jpeg 2048w, https:\/\/partielinsaf.mr\/fr\/wp-content\/uploads\/2025\/09\/6-768x512.jpeg 768w, https:\/\/partielinsaf.mr\/fr\/wp-content\/uploads\/2025\/09\/6-1536x1024.jpeg 1536w\" sizes=\"auto, (max-width: 2048px) 100vw, 2048px\" \/><img loading=\"lazy\" decoding=\"async\" class=\"alignnone size-full wp-image-6021\" src=\"https:\/\/partielinsaf.mr\/fr\/wp-content\/uploads\/2025\/09\/7.jpeg\" alt=\"\" width=\"2048\" height=\"1365\" srcset=\"https:\/\/partielinsaf.mr\/fr\/wp-content\/uploads\/2025\/09\/7.jpeg 2048w, https:\/\/partielinsaf.mr\/fr\/wp-content\/uploads\/2025\/09\/7-768x512.jpeg 768w, https:\/\/partielinsaf.mr\/fr\/wp-content\/uploads\/2025\/09\/7-1536x1024.jpeg 1536w\" sizes=\"auto, (max-width: 2048px) 100vw, 2048px\" \/><img loading=\"lazy\" decoding=\"async\" class=\"alignnone size-full wp-image-6022\" src=\"https:\/\/partielinsaf.mr\/fr\/wp-content\/uploads\/2025\/09\/8.jpeg\" alt=\"\" width=\"2048\" height=\"1365\" srcset=\"https:\/\/partielinsaf.mr\/fr\/wp-content\/uploads\/2025\/09\/8.jpeg 2048w, https:\/\/partielinsaf.mr\/fr\/wp-content\/uploads\/2025\/09\/8-768x512.jpeg 768w, https:\/\/partielinsaf.mr\/fr\/wp-content\/uploads\/2025\/09\/8-1536x1024.jpeg 1536w\" sizes=\"auto, (max-width: 2048px) 100vw, 2048px\" \/><img loading=\"lazy\" decoding=\"async\" class=\"alignnone size-full wp-image-6023\" src=\"https:\/\/partielinsaf.mr\/fr\/wp-content\/uploads\/2025\/09\/9.jpeg\" alt=\"\" width=\"2048\" height=\"1365\" srcset=\"https:\/\/partielinsaf.mr\/fr\/wp-content\/uploads\/2025\/09\/9.jpeg 2048w, https:\/\/partielinsaf.mr\/fr\/wp-content\/uploads\/2025\/09\/9-768x512.jpeg 768w, https:\/\/partielinsaf.mr\/fr\/wp-content\/uploads\/2025\/09\/9-1536x1024.jpeg 1536w\" sizes=\"auto, (max-width: 2048px) 100vw, 2048px\" \/><img loading=\"lazy\" decoding=\"async\" class=\"alignnone size-full wp-image-6024\" src=\"https:\/\/partielinsaf.mr\/fr\/wp-content\/uploads\/2025\/09\/10.jpeg\" alt=\"\" width=\"2048\" height=\"1365\" srcset=\"https:\/\/partielinsaf.mr\/fr\/wp-content\/uploads\/2025\/09\/10.jpeg 2048w, https:\/\/partielinsaf.mr\/fr\/wp-content\/uploads\/2025\/09\/10-768x512.jpeg 768w, https:\/\/partielinsaf.mr\/fr\/wp-content\/uploads\/2025\/09\/10-1536x1024.jpeg 1536w\" sizes=\"auto, (max-width: 2048px) 100vw, 2048px\" \/><img loading=\"lazy\" decoding=\"async\" class=\"alignnone size-full wp-image-6025\" src=\"https:\/\/partielinsaf.mr\/fr\/wp-content\/uploads\/2025\/09\/11.jpeg\" alt=\"\" width=\"2048\" height=\"1365\" srcset=\"https:\/\/partielinsaf.mr\/fr\/wp-content\/uploads\/2025\/09\/11.jpeg 2048w, https:\/\/partielinsaf.mr\/fr\/wp-content\/uploads\/2025\/09\/11-768x512.jpeg 768w, https:\/\/partielinsaf.mr\/fr\/wp-content\/uploads\/2025\/09\/11-1536x1024.jpeg 1536w\" sizes=\"auto, (max-width: 2048px) 100vw, 2048px\" \/><img loading=\"lazy\" decoding=\"async\" class=\"alignnone size-full wp-image-6026\" src=\"https:\/\/partielinsaf.mr\/fr\/wp-content\/uploads\/2025\/09\/12.jpeg\" alt=\"\" width=\"2048\" height=\"1365\" srcset=\"https:\/\/partielinsaf.mr\/fr\/wp-content\/uploads\/2025\/09\/12.jpeg 2048w, https:\/\/partielinsaf.mr\/fr\/wp-content\/uploads\/2025\/09\/12-768x512.jpeg 768w, https:\/\/partielinsaf.mr\/fr\/wp-content\/uploads\/2025\/09\/12-1536x1024.jpeg 1536w\" sizes=\"auto, (max-width: 2048px) 100vw, 2048px\" \/><img loading=\"lazy\" decoding=\"async\" class=\"alignnone size-full wp-image-6027\" src=\"https:\/\/partielinsaf.mr\/fr\/wp-content\/uploads\/2025\/09\/13.jpeg\" alt=\"\" width=\"2048\" height=\"1365\" srcset=\"https:\/\/partielinsaf.mr\/fr\/wp-content\/uploads\/2025\/09\/13.jpeg 2048w, https:\/\/partielinsaf.mr\/fr\/wp-content\/uploads\/2025\/09\/13-768x512.jpeg 768w, https:\/\/partielinsaf.mr\/fr\/wp-content\/uploads\/2025\/09\/13-1536x1024.jpeg 1536w\" sizes=\"auto, (max-width: 2048px) 100vw, 2048px\" \/><img loading=\"lazy\" decoding=\"async\" class=\"alignnone size-full wp-image-6028\" src=\"https:\/\/partielinsaf.mr\/fr\/wp-content\/uploads\/2025\/09\/14.jpeg\" alt=\"\" width=\"2048\" height=\"1365\" srcset=\"https:\/\/partielinsaf.mr\/fr\/wp-content\/uploads\/2025\/09\/14.jpeg 2048w, https:\/\/partielinsaf.mr\/fr\/wp-content\/uploads\/2025\/09\/14-768x512.jpeg 768w, https:\/\/partielinsaf.mr\/fr\/wp-content\/uploads\/2025\/09\/14-1536x1024.jpeg 1536w\" sizes=\"auto, (max-width: 2048px) 100vw, 2048px\" \/><\/p>\n<\/div>\n<\/div>\n<\/div>\n<div class=\"mr-[12px]\"><\/div>\n","protected":false},"excerpt":{"rendered":"<p>Parti El Insaf &nbsp; D\u00e9claration de remerciement et de reconnaissance &nbsp; Le parti El Insaf exprime ses sinc\u00e8res remerciements et sa gratitude aux habitants de la wilaya du Trarza en g\u00e9n\u00e9ral, et \u00e0 ceux de la moughataa de Keur Mac\u00e8ne en particulier, pour l&rsquo;accueil chaleureux, la sinc\u00e9rit\u00e9 de leur appartenance et la g\u00e9n\u00e9rosit\u00e9 de leur &hellip;<\/p>\n","protected":false},"author":1,"featured_media":6016,"comment_status":"closed","ping_status":"closed","sticky":false,"template":"","format":"standard","meta":{"footnotes":""},"categories":[51],"tags":[],"class_list":["post-6014","post","type-post","status-publish","format-standard","has-post-thumbnail","hentry","category-actualites"],"_links":{"self":[{"href":"https:\/\/partielinsaf.mr\/fr\/index.php?rest_route=\/wp\/v2\/posts\/6014","targetHints":{"allow":["GET"]}}],"collection":[{"href":"https:\/\/partielinsaf.mr\/fr\/index.php?rest_route=\/wp\/v2\/posts"}],"about":[{"href":"https:\/\/partielinsaf.mr\/fr\/index.php?rest_route=\/wp\/v2\/types\/post"}],"author":[{"embeddable":true,"href":"https:\/\/partielinsaf.mr\/fr\/index.php?rest_route=\/wp\/v2\/users\/1"}],"replies":[{"embeddable":true,"href":"https:\/\/partielinsaf.mr\/fr\/index.php?rest_route=%2Fwp%2Fv2%2Fcomments&post=6014"}],"version-history":[{"count":3,"href":"https:\/\/partielinsaf.mr\/fr\/index.php?rest_route=\/wp\/v2\/posts\/6014\/revisions"}],"predecessor-version":[{"id":6031,"href":"https:\/\/partielinsaf.mr\/fr\/index.php?rest_route=\/wp\/v2\/posts\/6014\/revisions\/6031"}],"wp:featuredmedia":[{"embeddable":true,"href":"https:\/\/partielinsaf.mr\/fr\/index.php?rest_route=\/wp\/v2\/media\/6016"}],"wp:attachment":[{"href":"https:\/\/partielinsaf.mr\/fr\/index.php?rest_route=%2Fwp%2Fv2%2Fmedia&parent=6014"}],"wp:term":[{"taxonomy":"category","embeddable":true,"href":"https:\/\/partielinsaf.mr\/fr\/index.php?rest_route=%2Fwp%2Fv2%2Fcategories&post=6014"},{"taxonomy":"post_tag","embeddable":true,"href":"https:\/\/partielinsaf.mr\/fr\/index.php?rest_route=%2Fwp%2Fv2%2Ftags&post=6014"}],"curies":[{"name":"wp","href":"https:\/\/api.w.org\/{rel}","templated":true}]}}