{"id":5962,"date":"2025-07-13T11:24:50","date_gmt":"2025-07-13T11:24:50","guid":{"rendered":"https:\/\/partielinsaf.mr\/fr\/?p=5962"},"modified":"2025-07-13T11:27:44","modified_gmt":"2025-07-13T11:27:44","slug":"5962","status":"publish","type":"post","link":"https:\/\/partielinsaf.mr\/fr\/?p=5962","title":{"rendered":"Le parti El Insaf salue chaleureusement la participation de Son Excellence le Pr\u00e9sident de la R\u00e9publique au mini-sommet \u00c9tats-Unis-Afrique"},"content":{"rendered":"<div class=\"relative flex-1 bg-[#f7f7f7] rounded-t-[12px]\">\n<div class=\"w-full p-[20px] rounded-[12px] leading-5 min-h-[326px]\">\n<div class=\"translator-results-align\">\n<p class=\"content-none\">Parti Insaaf<\/p>\n<p>&nbsp;<\/p>\n<p class=\"content-none\">D\u00e9claration<\/p>\n<p class=\"content-none\">Dans un moment diplomatique d\u00e9cisif qui confirme la position enviable de notre pays sur la sc\u00e8ne internationale, le parti El Insaf salue chaleureusement la participation de Son Excellence le Pr\u00e9sident de la R\u00e9publique, M. Mohamed Ould Cheikh El Ghazouani, au mini-sommet \u00c9tats-Unis-Afrique, tenu \u00e0 Washington D.C., sur invitation sp\u00e9ciale du Pr\u00e9sident am\u00e9ricain, M. Donald Trump.<\/p>\n<p class=\"content-none\">Ce sommet a constitu\u00e9 une occasion exceptionnelle, non seulement pour son importance strat\u00e9gique dans le processus de partenariat entre l&rsquo;Afrique et les \u00c9tats-Unis, mais aussi pour l&rsquo;excellence diplomatique \u00e9vidente refl\u00e9t\u00e9e par la pr\u00e9sence de notre pays, incarn\u00e9e par le choix de Son Excellence le Pr\u00e9sident de la R\u00e9publique parmi seulement cinq dirigeants africains invit\u00e9s sur plus de cinquante dirigeants africains, ce qui confirme clairement que notre pays est devenu un acteur majeur dans l&rsquo;\u00e9quation diplomatique internationale et un acteur central dans les grandes questions du continent et du monde.<\/p>\n<p>Le parti appr\u00e9cie hautement le contenu du discours de Son Excellence le Pr\u00e9sident de la R\u00e9publique qui a ouvert la session du sommet, et qui s&rsquo;est distingu\u00e9 par la clart\u00e9 de la vision, la pr\u00e9cision de la pr\u00e9sentation et la force de la pr\u00e9sence, et a offert une pr\u00e9sentation compl\u00e8te de notre pays, soulignant les opportunit\u00e9s d&rsquo;investissement prometteuses, les capacit\u00e9s strat\u00e9giques et la pleine volont\u00e9 d&rsquo;\u00e9tablir des partenariats justes et durables au service du d\u00e9veloppement durable et de la promotion de la paix mondiale.<\/p>\n<p class=\"content-none\">Le parti El Insaf affirme que cette participation constitue une extension des r\u00e9alisations diplomatiques continues accomplies par Son Excellence le Pr\u00e9sident de la R\u00e9publique, M. Mohamed Ould Cheikh El Ghazouani, et refl\u00e8te la position distingu\u00e9e que notre pays occupe d\u00e9sormais sur la sc\u00e8ne internationale gr\u00e2ce \u00e0 une vision diplomatique consciente et \u00e9quilibr\u00e9e.<\/p>\n<p class=\"content-none\">Nouakchott, 09 juillet 2025<\/p>\n<p class=\"content-none\">Parti El Insaf<\/p>\n<\/div>\n<\/div>\n<\/div>\n<div class=\"relative w-full flex justify-between items-center\"><\/div>\n<div class=\"mr-[12px]\"><\/div>\n","protected":false},"excerpt":{"rendered":"<p>Parti Insaaf &nbsp; D\u00e9claration Dans un moment diplomatique d\u00e9cisif qui confirme la position enviable de notre pays sur la sc\u00e8ne internationale, le parti El Insaf salue chaleureusement la participation de Son Excellence le Pr\u00e9sident de la R\u00e9publique, M. Mohamed Ould Cheikh El Ghazouani, au mini-sommet \u00c9tats-Unis-Afrique, tenu \u00e0 Washington D.C., sur invitation sp\u00e9ciale du Pr\u00e9sident &hellip;<\/p>\n","protected":false},"author":1,"featured_media":5963,"comment_status":"closed","ping_status":"closed","sticky":false,"template":"","format":"standard","meta":{"footnotes":""},"categories":[51],"tags":[],"class_list":["post-5962","post","type-post","status-publish","format-standard","has-post-thumbnail","hentry","category-actualites"],"_links":{"self":[{"href":"https:\/\/partielinsaf.mr\/fr\/index.php?rest_route=\/wp\/v2\/posts\/5962","targetHints":{"allow":["GET"]}}],"collection":[{"href":"https:\/\/partielinsaf.mr\/fr\/index.php?rest_route=\/wp\/v2\/posts"}],"about":[{"href":"https:\/\/partielinsaf.mr\/fr\/index.php?rest_route=\/wp\/v2\/types\/post"}],"author":[{"embeddable":true,"href":"https:\/\/partielinsaf.mr\/fr\/index.php?rest_route=\/wp\/v2\/users\/1"}],"replies":[{"embeddable":true,"href":"https:\/\/partielinsaf.mr\/fr\/index.php?rest_route=%2Fwp%2Fv2%2Fcomments&post=5962"}],"version-history":[{"count":3,"href":"https:\/\/partielinsaf.mr\/fr\/index.php?rest_route=\/wp\/v2\/posts\/5962\/revisions"}],"predecessor-version":[{"id":5966,"href":"https:\/\/partielinsaf.mr\/fr\/index.php?rest_route=\/wp\/v2\/posts\/5962\/revisions\/5966"}],"wp:featuredmedia":[{"embeddable":true,"href":"https:\/\/partielinsaf.mr\/fr\/index.php?rest_route=\/wp\/v2\/media\/5963"}],"wp:attachment":[{"href":"https:\/\/partielinsaf.mr\/fr\/index.php?rest_route=%2Fwp%2Fv2%2Fmedia&parent=5962"}],"wp:term":[{"taxonomy":"category","embeddable":true,"href":"https:\/\/partielinsaf.mr\/fr\/index.php?rest_route=%2Fwp%2Fv2%2Fcategories&post=5962"},{"taxonomy":"post_tag","embeddable":true,"href":"https:\/\/partielinsaf.mr\/fr\/index.php?rest_route=%2Fwp%2Fv2%2Ftags&post=5962"}],"curies":[{"name":"wp","href":"https:\/\/api.w.org\/{rel}","templated":true}]}}