{"id":5514,"date":"2024-12-18T01:37:05","date_gmt":"2024-12-18T01:37:05","guid":{"rendered":"https:\/\/partielinsaf.mr\/fr\/?p=5514"},"modified":"2024-12-19T09:23:55","modified_gmt":"2024-12-19T09:23:55","slug":"le-vice-president-du-parti-se-reunit-avec-deux-groupes-de-membres-du-conseil-national","status":"publish","type":"post","link":"https:\/\/partielinsaf.mr\/fr\/?p=5514","title":{"rendered":"Le vice-pr\u00e9sident du parti se r\u00e9unit avec deux groupes de membres du Conseil National"},"content":{"rendered":"<p style=\"padding-left: 40px; text-align: left;\">Au nom du Pr\u00e9sident du parti, M. Sid&rsquo;Ahmed Ould Mohamed, le Vice-pr\u00e9sident du parti, M. Mohamed Yahya Ould Horma, a pr\u00e9sid\u00e9, mardi soir 17 d\u00e9cembre 2024, deux r\u00e9unions cons\u00e9cutives avec des membres du Conseil National du Parti El Insaf.<\/p>\n<p>Au cours de ces deux r\u00e9unions, le vice-pr\u00e9sident du parti a abord\u00e9 les derniers d\u00e9veloppements dans la vie du parti et la situation politique actuelle, notamment le processus de r\u00e9forme du parti, la prochaine r\u00e9union du conseil national, \u00e0 la fin du mois en cours, et la convocation du troisi\u00e8me congr\u00e8s ordinaire du parti, soulignant que de telles r\u00e9unions se poursuivront en pr\u00e9paration de ces importantes \u00e9ch\u00e9ances.<\/p>\n<p>Il a \u00e9galement appel\u00e9 \u00e0 la pr\u00e9paration de la phase post-Conseil national, dont le slogan sera \u00ab\u00a0r\u00e9forme participative du parti \u00e0 travers une pr\u00e9paration s\u00e9rieuse du troisi\u00e8me congr\u00e8s ordinaire\u00a0\u00bb, point culminant du processus d&rsquo;actualisation de l&rsquo;adh\u00e9sion et de l&rsquo;\u00e9lection des organes locaux. Le vice-pr\u00e9sident du parti a appel\u00e9 \u00e0 contribuer \u00e0 ce processus dans son ensemble afin de b\u00e2tir un parti fort et engag\u00e9 dans l&rsquo;\u00e9tablissement des principes d&rsquo;\u00e9galit\u00e9, de bonne gouvernance, d&rsquo;autonomisation des jeunes et engag\u00e9 dans l&rsquo;action visant \u00e0 propulser le pays vers le d\u00e9veloppement et le progr\u00e8s.<\/p>\n<p>Il a mis l&rsquo;accent sur le processus de transformation sociale, que Son Excellence le Pr\u00e9sident Mohamed Ould Cheikh Ghazouani a abord\u00e9 pour la deuxi\u00e8me fois lors du festival de Chinguitti, d\u00e9clarant que cette vision m\u00e9rite d&rsquo;\u00eatre au premier plan des objectifs et de la r\u00e9flexion du parti.<\/p>\n<p>Les deux r\u00e9unions se sont d\u00e9roul\u00e9es en pr\u00e9sence de M. Fall Nguissaly, secr\u00e9taire g\u00e9n\u00e9ral du parti, et de M. Ba Ousmane, membre du bureau ex\u00e9cutif.<\/p>\n<p><img loading=\"lazy\" decoding=\"async\" class=\"alignnone size-full wp-image-5516\" src=\"https:\/\/partielinsaf.mr\/fr\/wp-content\/uploads\/2024\/12\/611f73e2-500b-4695-810f-859b42246ca1-768x512-1.jpeg\" alt=\"\" width=\"768\" height=\"512\" \/><img loading=\"lazy\" decoding=\"async\" class=\"alignnone size-full wp-image-5517\" src=\"https:\/\/partielinsaf.mr\/fr\/wp-content\/uploads\/2024\/12\/4c811b96-3170-4ebd-b772-b873f5e217f6-768x512-1.jpeg\" alt=\"\" width=\"768\" height=\"512\" \/><\/p>\n<hr \/>\n<p><img loading=\"lazy\" decoding=\"async\" class=\"alignnone size-full wp-image-5518\" src=\"https:\/\/partielinsaf.mr\/fr\/wp-content\/uploads\/2024\/12\/ab9d9909-2269-42c6-b8a1-92be101f8270-768x512-1.jpeg\" alt=\"\" width=\"768\" height=\"512\" \/><img loading=\"lazy\" decoding=\"async\" class=\"alignnone size-full wp-image-5519\" src=\"https:\/\/partielinsaf.mr\/fr\/wp-content\/uploads\/2024\/12\/ac1f8b57-24cc-4c33-9922-afa2f10815fe-768x512-1.jpeg\" alt=\"\" width=\"768\" height=\"512\" \/><img loading=\"lazy\" decoding=\"async\" class=\"alignnone size-full wp-image-5521\" src=\"https:\/\/partielinsaf.mr\/fr\/wp-content\/uploads\/2024\/12\/8bcd7ab3-56e7-4d5c-97df-6cf8e8802762-768x512-1.jpeg\" alt=\"\" width=\"768\" height=\"512\" \/><\/p>\n","protected":false},"excerpt":{"rendered":"<p>Au nom du Pr\u00e9sident du parti, M. Sid&rsquo;Ahmed Ould Mohamed, le Vice-pr\u00e9sident du parti, M. Mohamed Yahya Ould Horma, a pr\u00e9sid\u00e9, mardi soir 17 d\u00e9cembre 2024, deux r\u00e9unions cons\u00e9cutives avec des membres du Conseil National du Parti El Insaf. Au cours de ces deux r\u00e9unions, le vice-pr\u00e9sident du parti a abord\u00e9 les derniers d\u00e9veloppements dans &hellip;<\/p>\n","protected":false},"author":1,"featured_media":5522,"comment_status":"closed","ping_status":"closed","sticky":false,"template":"","format":"standard","meta":{"footnotes":""},"categories":[51],"tags":[],"class_list":["post-5514","post","type-post","status-publish","format-standard","has-post-thumbnail","hentry","category-actualites"],"_links":{"self":[{"href":"https:\/\/partielinsaf.mr\/fr\/index.php?rest_route=\/wp\/v2\/posts\/5514","targetHints":{"allow":["GET"]}}],"collection":[{"href":"https:\/\/partielinsaf.mr\/fr\/index.php?rest_route=\/wp\/v2\/posts"}],"about":[{"href":"https:\/\/partielinsaf.mr\/fr\/index.php?rest_route=\/wp\/v2\/types\/post"}],"author":[{"embeddable":true,"href":"https:\/\/partielinsaf.mr\/fr\/index.php?rest_route=\/wp\/v2\/users\/1"}],"replies":[{"embeddable":true,"href":"https:\/\/partielinsaf.mr\/fr\/index.php?rest_route=%2Fwp%2Fv2%2Fcomments&post=5514"}],"version-history":[{"count":3,"href":"https:\/\/partielinsaf.mr\/fr\/index.php?rest_route=\/wp\/v2\/posts\/5514\/revisions"}],"predecessor-version":[{"id":5527,"href":"https:\/\/partielinsaf.mr\/fr\/index.php?rest_route=\/wp\/v2\/posts\/5514\/revisions\/5527"}],"wp:featuredmedia":[{"embeddable":true,"href":"https:\/\/partielinsaf.mr\/fr\/index.php?rest_route=\/wp\/v2\/media\/5522"}],"wp:attachment":[{"href":"https:\/\/partielinsaf.mr\/fr\/index.php?rest_route=%2Fwp%2Fv2%2Fmedia&parent=5514"}],"wp:term":[{"taxonomy":"category","embeddable":true,"href":"https:\/\/partielinsaf.mr\/fr\/index.php?rest_route=%2Fwp%2Fv2%2Fcategories&post=5514"},{"taxonomy":"post_tag","embeddable":true,"href":"https:\/\/partielinsaf.mr\/fr\/index.php?rest_route=%2Fwp%2Fv2%2Ftags&post=5514"}],"curies":[{"name":"wp","href":"https:\/\/api.w.org\/{rel}","templated":true}]}}