{"id":5481,"date":"2024-12-12T23:49:07","date_gmt":"2024-12-12T23:49:07","guid":{"rendered":"https:\/\/partielinsaf.mr\/fr\/?p=5481"},"modified":"2024-12-12T23:49:07","modified_gmt":"2024-12-12T23:49:07","slug":"le-vice-president-du-parti-a-atar-dans-le-cadre-des-preparatifs-de-la-visite-du-president-de-la-republique-a-chinguitti","status":"publish","type":"post","link":"https:\/\/partielinsaf.mr\/fr\/?p=5481","title":{"rendered":"Le Vice-pr\u00e9sident du Parti \u00e0 Atar dans le cadre des pr\u00e9paratifs de la visite du Pr\u00e9sident de la R\u00e9publique \u00e0 Chinguitti"},"content":{"rendered":"<p><img loading=\"lazy\" decoding=\"async\" class=\"alignnone size-full wp-image-5482\" src=\"https:\/\/partielinsaf.mr\/fr\/wp-content\/uploads\/2024\/12\/1-1.jpeg\" alt=\"\" width=\"780\" height=\"470\" srcset=\"https:\/\/partielinsaf.mr\/fr\/wp-content\/uploads\/2024\/12\/1-1.jpeg 780w, https:\/\/partielinsaf.mr\/fr\/wp-content\/uploads\/2024\/12\/1-1-768x463.jpeg 768w\" sizes=\"auto, (max-width: 780px) 100vw, 780px\" \/>Dans le cadre de la bonne pr\u00e9paration de la 13<sup>e<\/sup> \u00e9dition du Festival des Cit\u00e9s du Patrimoine qui d\u00e9bute ce 13 d\u00e9cembre 2024 dans la ville historique de Chinguitti, le Vice-pr\u00e9sident du Parti, M. Mohamed Yahya Ould Horma, mardi soir, 10 d\u00e9cembre 2024, \u00e0 Atar, o\u00f9 il a \u00e9t\u00e9 re\u00e7u par les responsables des instances du parti, les \u00e9lus et les militants dans la wilaya de l&rsquo;Adrar, en compagnie d&rsquo;une importante d\u00e9l\u00e9gation de la direction du parti.<\/p>\n<p>Le mercredi 11 d\u00e9cembre, le vice-pr\u00e9sident du parti a tenu plusieurs r\u00e9unions et activit\u00e9s de mobilisation en pr\u00e9vision de la visite de Son Excellence le Pr\u00e9sident de la R\u00e9publique, M. Mohamed Ould Cheikh El-Ghazouani, et pour faire conna\u00eetre son importance en mati\u00e8re de d\u00e9veloppement et ce qu&rsquo;elle signifie pour les habitants de cette wilaya et de ses villes historiques, auxquelles il accorde une attention particuli\u00e8re depuis son accession \u00e0 la pr\u00e9sidence de la R\u00e9publique. Il a rencontr\u00e9, au si\u00e8ge de la F\u00e9d\u00e9ration, \u00e0 Atar, les membres du bureau de la F\u00e9d\u00e9ration du parti et les \u00e9lus au niveau de la wilaya, et les a inform\u00e9s des d\u00e9veloppements politiques et des programmes que le parti pr\u00e9pare pour redynamiser ses instances, ainsi que de l&rsquo;actualisation de ses textes dans un proche avenir en pr\u00e9vision du renouvellement de ses structures dont les d\u00e9lais l\u00e9gaux expireront dans les mois \u00e0 venir.<\/p>\n<p>Dans la soir\u00e9e, le vice-pr\u00e9sident a pr\u00e9sid\u00e9 un meeting populaire au cours duquel il a \u00e9voqu\u00e9 les r\u00e9alisations accomplies en ce d\u00e9but du deuxi\u00e8me mandat du Pr\u00e9sident de la R\u00e9publique, S.E. Mohamed Ould Cheikh El-Ghazouani, indiquant que le gouvernement du Premier ministre, M. Mokhtar Ould Diay, a lanc\u00e9 d&rsquo;importants projets de d\u00e9veloppement \u00e0 caract\u00e8re urgent (modernisation de Nouakchott) qui se r\u00e9percuteront positivement sur la vie des citoyens. Il a aussi rappel\u00e9 les perspectives \u00e9conomiques prometteuses du pays avec le d\u00e9marrage de l&rsquo;exploitation du gaz au d\u00e9but de l&rsquo;ann\u00e9e prochaine. Ould Horma a ensuite abord\u00e9 le message transmis par le Pr\u00e9sident du Parti, M. Sid\u2019Ahmed Ould Mohamed, demandant aux cadres et militants du Parti de conjuguer les efforts pour r\u00e9ussir cette \u00e9dition du Festival des Cit\u00e9s du Patrimoine, de montrer le haut degr\u00e9 de leur attachement et de leur soutien au programme du Pr\u00e9sident de la R\u00e9publique \u00ab Mon ambition pour la Nation \u00bb et de contribuer efficacement aux r\u00e9formes que le Parti compte entreprendre dans un avenir tr\u00e8s proche.<\/p>\n<p><img loading=\"lazy\" decoding=\"async\" class=\"alignnone size-full wp-image-5483\" src=\"https:\/\/partielinsaf.mr\/fr\/wp-content\/uploads\/2024\/12\/3-1.jpeg\" alt=\"\" width=\"1280\" height=\"854\" srcset=\"https:\/\/partielinsaf.mr\/fr\/wp-content\/uploads\/2024\/12\/3-1.jpeg 1280w, https:\/\/partielinsaf.mr\/fr\/wp-content\/uploads\/2024\/12\/3-1-768x512.jpeg 768w\" sizes=\"auto, (max-width: 1280px) 100vw, 1280px\" \/><img loading=\"lazy\" decoding=\"async\" class=\"alignnone size-full wp-image-5484\" src=\"https:\/\/partielinsaf.mr\/fr\/wp-content\/uploads\/2024\/12\/4-1.jpeg\" alt=\"\" width=\"1080\" height=\"720\" srcset=\"https:\/\/partielinsaf.mr\/fr\/wp-content\/uploads\/2024\/12\/4-1.jpeg 1080w, https:\/\/partielinsaf.mr\/fr\/wp-content\/uploads\/2024\/12\/4-1-768x512.jpeg 768w\" sizes=\"auto, (max-width: 1080px) 100vw, 1080px\" \/><\/p>\n<p>&nbsp;<\/p>\n","protected":false},"excerpt":{"rendered":"<p>Dans le cadre de la bonne pr\u00e9paration de la 13e \u00e9dition du Festival des Cit\u00e9s du Patrimoine qui d\u00e9bute ce 13 d\u00e9cembre 2024 dans la ville historique de Chinguitti, le Vice-pr\u00e9sident du Parti, M. Mohamed Yahya Ould Horma, mardi soir, 10 d\u00e9cembre 2024, \u00e0 Atar, o\u00f9 il a \u00e9t\u00e9 re\u00e7u par les responsables des instances &hellip;<\/p>\n","protected":false},"author":1,"featured_media":5482,"comment_status":"closed","ping_status":"closed","sticky":false,"template":"","format":"standard","meta":{"footnotes":""},"categories":[51],"tags":[],"class_list":["post-5481","post","type-post","status-publish","format-standard","has-post-thumbnail","hentry","category-actualites"],"_links":{"self":[{"href":"https:\/\/partielinsaf.mr\/fr\/index.php?rest_route=\/wp\/v2\/posts\/5481","targetHints":{"allow":["GET"]}}],"collection":[{"href":"https:\/\/partielinsaf.mr\/fr\/index.php?rest_route=\/wp\/v2\/posts"}],"about":[{"href":"https:\/\/partielinsaf.mr\/fr\/index.php?rest_route=\/wp\/v2\/types\/post"}],"author":[{"embeddable":true,"href":"https:\/\/partielinsaf.mr\/fr\/index.php?rest_route=\/wp\/v2\/users\/1"}],"replies":[{"embeddable":true,"href":"https:\/\/partielinsaf.mr\/fr\/index.php?rest_route=%2Fwp%2Fv2%2Fcomments&post=5481"}],"version-history":[{"count":1,"href":"https:\/\/partielinsaf.mr\/fr\/index.php?rest_route=\/wp\/v2\/posts\/5481\/revisions"}],"predecessor-version":[{"id":5485,"href":"https:\/\/partielinsaf.mr\/fr\/index.php?rest_route=\/wp\/v2\/posts\/5481\/revisions\/5485"}],"wp:featuredmedia":[{"embeddable":true,"href":"https:\/\/partielinsaf.mr\/fr\/index.php?rest_route=\/wp\/v2\/media\/5482"}],"wp:attachment":[{"href":"https:\/\/partielinsaf.mr\/fr\/index.php?rest_route=%2Fwp%2Fv2%2Fmedia&parent=5481"}],"wp:term":[{"taxonomy":"category","embeddable":true,"href":"https:\/\/partielinsaf.mr\/fr\/index.php?rest_route=%2Fwp%2Fv2%2Fcategories&post=5481"},{"taxonomy":"post_tag","embeddable":true,"href":"https:\/\/partielinsaf.mr\/fr\/index.php?rest_route=%2Fwp%2Fv2%2Ftags&post=5481"}],"curies":[{"name":"wp","href":"https:\/\/api.w.org\/{rel}","templated":true}]}}