{"id":5477,"date":"2024-12-12T23:18:55","date_gmt":"2024-12-12T23:18:55","guid":{"rendered":"https:\/\/partielinsaf.mr\/fr\/?p=5477"},"modified":"2024-12-12T23:54:39","modified_gmt":"2024-12-12T23:54:39","slug":"le-parti-se-felicite-du-succes-eclatant-de-la-conference-continentale-sur-leducation-la-jeunesse-et-lemployabilite-en-afrique","status":"publish","type":"post","link":"https:\/\/partielinsaf.mr\/fr\/?p=5477","title":{"rendered":"Le Parti se f\u00e9licite du succ\u00e8s \u00e9clatant de la conf\u00e9rence continentale sur l\u2019\u00e9ducation, la jeunesse et l&#8217;employabilit\u00e9 en Afrique"},"content":{"rendered":"<p>Parti El Insaf<\/p>\n<p>&nbsp;<\/p>\n<p>D\u00e9claration<\/p>\n<p>&nbsp;<\/p>\n<p>Le Parti El Insaf se f\u00e9licite du grand succ\u00e8s rencontr\u00e9 par la Conf\u00e9rence continentale sur l&rsquo;\u00e9ducation, la jeunesse et l&#8217;employabilit\u00e9 en Afrique, que notre pays a accueillie cette ann\u00e9e sous le haut patronage de Son Excellence le Pr\u00e9sident de la R\u00e9publique, Pr\u00e9sident de l&rsquo;Union africaine, M. Mohamed Ould Cheikh El-Ghazouani.<\/p>\n<p>Cette importante conf\u00e9rence continentale, qui s&rsquo;est tenue aujourd\u2019hui, 11\/12\/2029, en pr\u00e9sence de chefs d&rsquo;Etat et de gouvernement africains et de repr\u00e9sentants d\u2019institutions et organisations internationales, met en exergue la grande position que notre pays a acquise sur la sc\u00e8ne internationale, et refl\u00e8te l&rsquo;engagement de Son Excellence en faveur du d\u00e9veloppement de l&rsquo;\u00e9ducation et de l&rsquo;autonomisation des jeunes, afin de contribuer \u00e0 l&rsquo;\u00e9laboration de solutions pratiques aux d\u00e9fis communs et de renforcer la coop\u00e9ration interafricaine entre les pays africains et les partenaires internationaux.<\/p>\n<p>Le Parti salue le discours d&rsquo;ouverture prononc\u00e9 par Son Excellence le Pr\u00e9sident de la R\u00e9publique, Pr\u00e9sident de l&rsquo;Union africaine, qui a mis en exergue les d\u00e9fis majeurs auxquels est confront\u00e9 le syst\u00e8me \u00e9ducatif en Afrique, allant de l&rsquo;insuffisance des infrastructures et de la p\u00e9nurie aigu\u00eb d&rsquo;enseignants, \u00e0 l&rsquo;utilisation limit\u00e9e des technologies num\u00e9riques et \u00e0 l&rsquo;impact des crises s\u00e9curitaires et climatiques sur le secteur de l&rsquo;\u00e9ducation. Le discours de Son Excellence exposait \u00e9galement une vision strat\u00e9gique visant \u00e0 faire progresser le secteur de l&rsquo;\u00e9ducation en promouvant l&rsquo;inclusion, la qualit\u00e9 et l&rsquo;utilisation des technologies modernes.<\/p>\n<p>Le Parti exprime sa fiert\u00e9 quant au r\u00f4le pionnier de notre pays dans la promotion de l&rsquo;int\u00e9gration continentale, et souligne que cette Conf\u00e9rence continentale sur l&rsquo;\u00e9ducation repr\u00e9sente une autre \u00e9tape importante prolongeant les nombreux succ\u00e8s diplomatiques sous la pr\u00e9sidence de Son Excellence le Pr\u00e9sident de la R\u00e9publique M. Mohamed Ould Cheikh El-Ghazouani de l&rsquo;Union africaine.<\/p>\n<p>&nbsp;<\/p>\n<p>Nouakchott, 11 d\u00e9cembre 2024<\/p>\n<p>Parti El Insaf<\/p>\n","protected":false},"excerpt":{"rendered":"<p>Parti El Insaf &nbsp; D\u00e9claration &nbsp; Le Parti El Insaf se f\u00e9licite du grand succ\u00e8s rencontr\u00e9 par la Conf\u00e9rence continentale sur l&rsquo;\u00e9ducation, la jeunesse et l&#8217;employabilit\u00e9 en Afrique, que notre pays a accueillie cette ann\u00e9e sous le haut patronage de Son Excellence le Pr\u00e9sident de la R\u00e9publique, Pr\u00e9sident de l&rsquo;Union africaine, M. Mohamed Ould Cheikh &hellip;<\/p>\n","protected":false},"author":1,"featured_media":5478,"comment_status":"closed","ping_status":"closed","sticky":false,"template":"","format":"standard","meta":{"footnotes":""},"categories":[51],"tags":[],"class_list":["post-5477","post","type-post","status-publish","format-standard","has-post-thumbnail","hentry","category-actualites"],"_links":{"self":[{"href":"https:\/\/partielinsaf.mr\/fr\/index.php?rest_route=\/wp\/v2\/posts\/5477","targetHints":{"allow":["GET"]}}],"collection":[{"href":"https:\/\/partielinsaf.mr\/fr\/index.php?rest_route=\/wp\/v2\/posts"}],"about":[{"href":"https:\/\/partielinsaf.mr\/fr\/index.php?rest_route=\/wp\/v2\/types\/post"}],"author":[{"embeddable":true,"href":"https:\/\/partielinsaf.mr\/fr\/index.php?rest_route=\/wp\/v2\/users\/1"}],"replies":[{"embeddable":true,"href":"https:\/\/partielinsaf.mr\/fr\/index.php?rest_route=%2Fwp%2Fv2%2Fcomments&post=5477"}],"version-history":[{"count":2,"href":"https:\/\/partielinsaf.mr\/fr\/index.php?rest_route=\/wp\/v2\/posts\/5477\/revisions"}],"predecessor-version":[{"id":5480,"href":"https:\/\/partielinsaf.mr\/fr\/index.php?rest_route=\/wp\/v2\/posts\/5477\/revisions\/5480"}],"wp:featuredmedia":[{"embeddable":true,"href":"https:\/\/partielinsaf.mr\/fr\/index.php?rest_route=\/wp\/v2\/media\/5478"}],"wp:attachment":[{"href":"https:\/\/partielinsaf.mr\/fr\/index.php?rest_route=%2Fwp%2Fv2%2Fmedia&parent=5477"}],"wp:term":[{"taxonomy":"category","embeddable":true,"href":"https:\/\/partielinsaf.mr\/fr\/index.php?rest_route=%2Fwp%2Fv2%2Fcategories&post=5477"},{"taxonomy":"post_tag","embeddable":true,"href":"https:\/\/partielinsaf.mr\/fr\/index.php?rest_route=%2Fwp%2Fv2%2Ftags&post=5477"}],"curies":[{"name":"wp","href":"https:\/\/api.w.org\/{rel}","templated":true}]}}