{"id":5472,"date":"2024-12-11T10:55:25","date_gmt":"2024-12-11T10:55:25","guid":{"rendered":"https:\/\/partielinsaf.mr\/fr\/?p=5472"},"modified":"2024-12-11T10:56:26","modified_gmt":"2024-12-11T10:56:26","slug":"le-parti-magnifie-la-participation-de-son-excellence-le-president-de-la-republique-a-la-ceremonie-de-presentation-de-la-nouvelle-strategie-espagnole-a-legard-de-lafrique","status":"publish","type":"post","link":"https:\/\/partielinsaf.mr\/fr\/?p=5472","title":{"rendered":"Le Parti magnifie la participation de Son Excellence le Pr\u00e9sident de la R\u00e9publique \u00e0 la c\u00e9r\u00e9monie de pr\u00e9sentation de la nouvelle strat\u00e9gie espagnole \u00e0 l\u2019\u00e9gard de l&rsquo;Afrique"},"content":{"rendered":"<p>D\u00e9claration<\/p>\n<p>Le Parti EL INSAF, qui a suivi avec fiert\u00e9 la participation de Son Excellence le Pr\u00e9sident de la R\u00e9publique, Pr\u00e9sident de l&rsquo;Union Africaine, Mr Mohamed Ould Cheikh El Ghazouani, \u00e0 la c\u00e9r\u00e9monie officielle de pr\u00e9sentation de la nouvelle strat\u00e9gie espagnole envers l&rsquo;Afrique (2025-2028) \u00e0 Madrid, exprime sa profonde appr\u00e9ciation de cet \u00e9v\u00e9nement international qui a refl\u00e9t\u00e9 le r\u00f4le de leadership de Son Excellence le Pr\u00e9sident de la R\u00e9publique sur la sc\u00e8ne internationale.<\/p>\n<p>Le discours de Son Excellence le Pr\u00e9sident de la R\u00e9publique, Pr\u00e9sident de l&rsquo;Union africaine, a \u00e9t\u00e9 l&rsquo;incarnation d&rsquo;une vision avant-gardiste et globale qui a mis en \u00e9vidence la position de l&rsquo;Afrique et a jet\u00e9 des bases solides pour construire des partenariats strat\u00e9giques exemplaires entre l&rsquo;Afrique et l&rsquo;Espagne, fond\u00e9s sur le respect mutuel et la r\u00e9alisation d&rsquo;int\u00e9r\u00eats communs.<\/p>\n<p>Dans ce contexte, le parti appr\u00e9cie grandement les principaux th\u00e8mes abord\u00e9s dans le discours, qui refl\u00e8tent la sagesse et la profondeur de la vision politique de Son Excellence, en particulier pour ce qui est de\u00a0:<\/p>\n<p>&#8211; l&rsquo;importance du d\u00e9veloppement humain, en tant qu&rsquo;axe cl\u00e9 pour atteindre les objectifs de d\u00e9veloppement durable, en investissant dans la jeunesse, les femmes, la sant\u00e9 et l&rsquo;\u00e9ducation.<\/p>\n<p>&#8211; une vision audacieuse sur les questions climatiques, \u00e0 travers les propositions de Son Excellence \u00a0insistant sur la n\u00e9cessit\u00e9 de d\u00e9velopper des solutions innovantes et durables pour les \u00e9nergies renouvelables, en soulignant l&rsquo;\u00e9norme potentiel de l&rsquo;Afrique dans ce domaine.<\/p>\n<p>&#8211; l&rsquo;importance de la s\u00e9curit\u00e9 et de la stabilit\u00e9 comme cl\u00e9 du d\u00e9veloppement, \u00e0 travers la coop\u00e9ration internationale pour lutter contre le terrorisme, le crime organis\u00e9 et l&rsquo;immigration ill\u00e9gale.<\/p>\n<p>&#8211; l\u2019appel au renforcement de l&rsquo;int\u00e9gration \u00e9conomique et commerciale entre l&rsquo;Afrique et l&rsquo;Espagne, en soutenant la dynamique de la croissance \u00e9conomique r\u00e9gionale par le biais de la zone de libre-\u00e9change continentale (ZLEC).<\/p>\n<p>Le Parti salue \u00e9galement l&rsquo;appel de Son Excellence \u00e0 la n\u00e9cessit\u00e9 de d\u00e9velopper des m\u00e9canismes efficaces de suivi de la mise en \u0153uvre des engagements et des accords afin de garantir l&rsquo;obtention des r\u00e9sultats souhait\u00e9s, ce qui refl\u00e8te son int\u00e9r\u00eat pour une action r\u00e9aliste et concr\u00e8te en faveur des aspirations des peuples d&rsquo;Afrique \u00e0 un avenir plus prosp\u00e8re et plus stable.<\/p>\n<p>En conclusion, le Parti El Insaf appr\u00e9cie hautement le niveau de partenariat strat\u00e9gique que Son Excellence, en sa qualit\u00e9 de Pr\u00e9sident de l&rsquo;UA, a cherch\u00e9 \u00e0 promouvoir entre l&rsquo;Afrique et l&rsquo;Espagne, et affirme que cet \u00e9v\u00e9nement restera un jalon dans l&rsquo;histoire des relations multilat\u00e9rales, et ses r\u00e9sultats contribueront \u00e0 ouvrir de nouveaux horizons qui b\u00e9n\u00e9ficieront aux peuples des deux parties.<\/p>\n<p>Nouakchott, 06\/12\/2024<\/p>\n<p>Parti El Insaf<\/p>\n","protected":false},"excerpt":{"rendered":"<p>D\u00e9claration Le Parti EL INSAF, qui a suivi avec fiert\u00e9 la participation de Son Excellence le Pr\u00e9sident de la R\u00e9publique, Pr\u00e9sident de l&rsquo;Union Africaine, Mr Mohamed Ould Cheikh El Ghazouani, \u00e0 la c\u00e9r\u00e9monie officielle de pr\u00e9sentation de la nouvelle strat\u00e9gie espagnole envers l&rsquo;Afrique (2025-2028) \u00e0 Madrid, exprime sa profonde appr\u00e9ciation de cet \u00e9v\u00e9nement international qui &hellip;<\/p>\n","protected":false},"author":1,"featured_media":5473,"comment_status":"closed","ping_status":"closed","sticky":false,"template":"","format":"standard","meta":{"footnotes":""},"categories":[51],"tags":[],"class_list":["post-5472","post","type-post","status-publish","format-standard","has-post-thumbnail","hentry","category-actualites"],"_links":{"self":[{"href":"https:\/\/partielinsaf.mr\/fr\/index.php?rest_route=\/wp\/v2\/posts\/5472","targetHints":{"allow":["GET"]}}],"collection":[{"href":"https:\/\/partielinsaf.mr\/fr\/index.php?rest_route=\/wp\/v2\/posts"}],"about":[{"href":"https:\/\/partielinsaf.mr\/fr\/index.php?rest_route=\/wp\/v2\/types\/post"}],"author":[{"embeddable":true,"href":"https:\/\/partielinsaf.mr\/fr\/index.php?rest_route=\/wp\/v2\/users\/1"}],"replies":[{"embeddable":true,"href":"https:\/\/partielinsaf.mr\/fr\/index.php?rest_route=%2Fwp%2Fv2%2Fcomments&post=5472"}],"version-history":[{"count":2,"href":"https:\/\/partielinsaf.mr\/fr\/index.php?rest_route=\/wp\/v2\/posts\/5472\/revisions"}],"predecessor-version":[{"id":5475,"href":"https:\/\/partielinsaf.mr\/fr\/index.php?rest_route=\/wp\/v2\/posts\/5472\/revisions\/5475"}],"wp:featuredmedia":[{"embeddable":true,"href":"https:\/\/partielinsaf.mr\/fr\/index.php?rest_route=\/wp\/v2\/media\/5473"}],"wp:attachment":[{"href":"https:\/\/partielinsaf.mr\/fr\/index.php?rest_route=%2Fwp%2Fv2%2Fmedia&parent=5472"}],"wp:term":[{"taxonomy":"category","embeddable":true,"href":"https:\/\/partielinsaf.mr\/fr\/index.php?rest_route=%2Fwp%2Fv2%2Fcategories&post=5472"},{"taxonomy":"post_tag","embeddable":true,"href":"https:\/\/partielinsaf.mr\/fr\/index.php?rest_route=%2Fwp%2Fv2%2Ftags&post=5472"}],"curies":[{"name":"wp","href":"https:\/\/api.w.org\/{rel}","templated":true}]}}