{"id":5343,"date":"2024-11-25T10:59:36","date_gmt":"2024-11-25T10:59:36","guid":{"rendered":"https:\/\/partielinsaf.mr\/fr\/?p=5343"},"modified":"2024-11-25T11:01:16","modified_gmt":"2024-11-25T11:01:16","slug":"le-vice-president-du-parti-poursuit-la-campagne-e-de-sensibilisation-a-la-visite-du-president-de-la-republique-au-brakna","status":"publish","type":"post","link":"https:\/\/partielinsaf.mr\/fr\/?p=5343","title":{"rendered":"Le vice-pr\u00e9sident du parti poursuit la campagne de sensibilisation \u00e0 la visite du Pr\u00e9sident de la R\u00e9publique au Brakna"},"content":{"rendered":"<p style=\"padding-left: 40px;\">Dans le cadre des efforts d\u00e9ploy\u00e9s par le parti pour bien pr\u00e9parer la visite de Son Excellence le Pr\u00e9sident de la R\u00e9publique, M. Mohamed Ould Cheikh El Ghazouani, dans la wilaya du Brakna afin de lancer plusieurs projets de d\u00e9veloppement importants, M. Mohamed Yahya Ould Hprma, Vice-pr\u00e9sident du parti, a pr\u00e9sid\u00e9, dimanche soir, 24\/11\/2024, dans la moughataa de Bogh\u00e9, une importante r\u00e9union de sensibilisation \u00e0 laquelle ont pris part de nombreux militants, cadres, acteurs politiques et \u00e9lus locaux au niveau de la r\u00e9gion.<\/p>\n<p>Au d\u00e9but de la r\u00e9union, le maire de Bogh\u00e9 a souhait\u00e9 la bienvenue \u00e0 la mission du parti ainsi qu&rsquo;aux militants et cadres pr\u00e9sents, appelant tout le monde \u00e0 se mobiliser pour r\u00e9server \u00e0 l&rsquo;illustre h\u00f4te du Brakna, Son Excellence le Pr\u00e9sident de la R\u00e9publique, M. Mohamed Ould Cheikh El Ghazouani, un accueil grandiose.<\/p>\n<p>Dans son intervention \u00e0 la m\u00eame occasion, le pr\u00e9sident de la r\u00e9gion de Brakna, M. Moustapha Ould Mahmoud, a soulign\u00e9 l&rsquo;importance de cette visite et la n\u00e9cessit\u00e9 de se mobiliser pour accueillir le pr\u00e9sident de la R\u00e9publique, qui, a-t-il dit, a une grande dette envers tous les Mauritaniens et les populations de la wilaya du Brakna en particulier, en raison des grandes r\u00e9alisations accomplies au profit de cette wilaya et du pays dans son ensemble.<\/p>\n<p>Le vice-pr\u00e9sident du parti a rappel\u00e9 l&rsquo;importance de cette visite et a parl\u00e9 des r\u00e9formes que le parti compte entreprendre dans un avenir proche pour \u00eatre une formation politique forte qui peut accompagner comme il se doit l&rsquo;action de d\u00e9veloppement dans le pays. Il a r\u00e9it\u00e9r\u00e9 son appel pour une forte mobilisation assurant le succ\u00e8s de la visite du pr\u00e9sident de la <strong>R\u00e9publique.<\/strong><\/p>\n<p style=\"padding-left: 120px;\"><img loading=\"lazy\" decoding=\"async\" class=\"alignnone size-full wp-image-5345\" src=\"https:\/\/partielinsaf.mr\/fr\/wp-content\/uploads\/2024\/11\/066cb80c-3ab1-4449-800d-02abb4ec23a5.jpeg\" alt=\"\" width=\"666\" height=\"543\" \/><img loading=\"lazy\" decoding=\"async\" class=\"alignnone size-full wp-image-5346\" src=\"https:\/\/partielinsaf.mr\/fr\/wp-content\/uploads\/2024\/11\/ace746a4-fe13-4c4a-b482-5b1afb5fd845.jpeg\" alt=\"\" width=\"666\" height=\"444\" \/><img loading=\"lazy\" decoding=\"async\" class=\"alignnone size-full wp-image-5347\" src=\"https:\/\/partielinsaf.mr\/fr\/wp-content\/uploads\/2024\/11\/df688dfd-7199-4b45-a407-0bf181f90646.jpeg\" alt=\"\" width=\"666\" height=\"478\" \/><img loading=\"lazy\" decoding=\"async\" class=\"alignnone size-full wp-image-5348\" src=\"https:\/\/partielinsaf.mr\/fr\/wp-content\/uploads\/2024\/11\/aa931218-51a2-40b0-97cc-f4dd19855fd6.jpeg\" alt=\"\" width=\"666\" height=\"444\" \/><img loading=\"lazy\" decoding=\"async\" class=\"alignnone size-full wp-image-5349\" src=\"https:\/\/partielinsaf.mr\/fr\/wp-content\/uploads\/2024\/11\/20ceae4d-52de-4b95-a2de-9fcc5739e07a.jpeg\" alt=\"\" width=\"666\" height=\"444\" \/><img loading=\"lazy\" decoding=\"async\" class=\"alignnone size-full wp-image-5350 alignright\" src=\"https:\/\/partielinsaf.mr\/fr\/wp-content\/uploads\/2024\/11\/24d79721-eef6-4da1-8032-ec158c4cca82.jpeg\" alt=\"\" width=\"666\" height=\"499\" \/><img loading=\"lazy\" decoding=\"async\" class=\"alignnone size-full wp-image-5351 aligncenter\" src=\"https:\/\/partielinsaf.mr\/fr\/wp-content\/uploads\/2024\/11\/3414c234-3634-4781-9f7f-7d14033025a3.jpeg\" alt=\"\" width=\"666\" height=\"444\" \/><img loading=\"lazy\" decoding=\"async\" class=\"alignnone size-full wp-image-5352\" src=\"https:\/\/partielinsaf.mr\/fr\/wp-content\/uploads\/2024\/11\/9907ee56-4fea-43e5-a534-18b98a696044.jpeg\" alt=\"\" width=\"666\" height=\"499\" \/><\/p>\n<p>&nbsp;<\/p>\n","protected":false},"excerpt":{"rendered":"<p>Dans le cadre des efforts d\u00e9ploy\u00e9s par le parti pour bien pr\u00e9parer la visite de Son Excellence le Pr\u00e9sident de la R\u00e9publique, M. Mohamed Ould Cheikh El Ghazouani, dans la wilaya du Brakna afin de lancer plusieurs projets de d\u00e9veloppement importants, M. Mohamed Yahya Ould Hprma, Vice-pr\u00e9sident du parti, a pr\u00e9sid\u00e9, dimanche soir, 24\/11\/2024, dans &hellip;<\/p>\n","protected":false},"author":1,"featured_media":5344,"comment_status":"closed","ping_status":"closed","sticky":false,"template":"","format":"standard","meta":{"footnotes":""},"categories":[51],"tags":[],"class_list":["post-5343","post","type-post","status-publish","format-standard","has-post-thumbnail","hentry","category-actualites"],"_links":{"self":[{"href":"https:\/\/partielinsaf.mr\/fr\/index.php?rest_route=\/wp\/v2\/posts\/5343","targetHints":{"allow":["GET"]}}],"collection":[{"href":"https:\/\/partielinsaf.mr\/fr\/index.php?rest_route=\/wp\/v2\/posts"}],"about":[{"href":"https:\/\/partielinsaf.mr\/fr\/index.php?rest_route=\/wp\/v2\/types\/post"}],"author":[{"embeddable":true,"href":"https:\/\/partielinsaf.mr\/fr\/index.php?rest_route=\/wp\/v2\/users\/1"}],"replies":[{"embeddable":true,"href":"https:\/\/partielinsaf.mr\/fr\/index.php?rest_route=%2Fwp%2Fv2%2Fcomments&post=5343"}],"version-history":[{"count":3,"href":"https:\/\/partielinsaf.mr\/fr\/index.php?rest_route=\/wp\/v2\/posts\/5343\/revisions"}],"predecessor-version":[{"id":5355,"href":"https:\/\/partielinsaf.mr\/fr\/index.php?rest_route=\/wp\/v2\/posts\/5343\/revisions\/5355"}],"wp:featuredmedia":[{"embeddable":true,"href":"https:\/\/partielinsaf.mr\/fr\/index.php?rest_route=\/wp\/v2\/media\/5344"}],"wp:attachment":[{"href":"https:\/\/partielinsaf.mr\/fr\/index.php?rest_route=%2Fwp%2Fv2%2Fmedia&parent=5343"}],"wp:term":[{"taxonomy":"category","embeddable":true,"href":"https:\/\/partielinsaf.mr\/fr\/index.php?rest_route=%2Fwp%2Fv2%2Fcategories&post=5343"},{"taxonomy":"post_tag","embeddable":true,"href":"https:\/\/partielinsaf.mr\/fr\/index.php?rest_route=%2Fwp%2Fv2%2Ftags&post=5343"}],"curies":[{"name":"wp","href":"https:\/\/api.w.org\/{rel}","templated":true}]}}