{"id":4928,"date":"2024-08-26T17:12:10","date_gmt":"2024-08-26T17:12:10","guid":{"rendered":"https:\/\/partielinsaf.mr\/fr\/?p=4928"},"modified":"2024-08-26T17:12:10","modified_gmt":"2024-08-26T17:12:10","slug":"le-president-du-parti-recoit-lambassadeur-de-palestine-dans-notre-pays","status":"publish","type":"post","link":"https:\/\/partielinsaf.mr\/fr\/?p=4928","title":{"rendered":"Le pr\u00e9sident du parti re\u00e7oit l&rsquo;ambassadeur de Palestine dans notre pays"},"content":{"rendered":"<p><!--more--><img loading=\"lazy\" decoding=\"async\" class=\"alignnone size-full wp-image-4929\" src=\"https:\/\/partielinsaf.mr\/fr\/wp-content\/uploads\/2024\/08\/54ae4f23-9894-49f1-b6b6-fc0ac1b49eec-780x470-1.jpg\" alt=\"\" width=\"780\" height=\"470\" srcset=\"https:\/\/partielinsaf.mr\/fr\/wp-content\/uploads\/2024\/08\/54ae4f23-9894-49f1-b6b6-fc0ac1b49eec-780x470-1.jpg 780w, https:\/\/partielinsaf.mr\/fr\/wp-content\/uploads\/2024\/08\/54ae4f23-9894-49f1-b6b6-fc0ac1b49eec-780x470-1-768x463.jpg 768w\" sizes=\"auto, (max-width: 780px) 100vw, 780px\" \/>Le pr\u00e9sident du parti, M. Sid&rsquo;Ahmed Ould Mohamed, a re\u00e7u, lundi 26\/08\/2024, l&rsquo;Ambassadeur de Palestine dans notre pays, Dr Mohamed Al Assaad. Le diplomate Palestinien a saisi l&rsquo;opportunit\u00e9 de la rencontre pour informer le Pr\u00e9sident du Parti des derniers d\u00e9veloppements \u00e0 Gaza en particulier et en Palestine en g\u00e9n\u00e9ral. Il a louer la position de Son Excellence le Pr\u00e9sident de la R\u00e9publique, M. Mohamed Ould Cheikh Ghazouani et de l&rsquo;ensemble de la classe politique mauritanienne par rapport \u00e0 l\u00a0\u00bbagression isra\u00e9lienne barbare contre Gaza et la Palestine.<\/p>\n<p>Au cours de l&rsquo;entretien, le pr\u00e9sident du parti a r\u00e9affirm\u00e9 le soutien du parti Insaf et de l&rsquo;ensemble des mauritaniens au peuple palestinien qui s&rsquo;est traduit par la condamnation unanime de cette agression barbare et inique contre nos fr\u00e8res de Gaza, une position conforme \u00e0 celle du Pr\u00e9sident de la R\u00e9publique qu&rsquo;il a exprim\u00e9e \u00e0 plus d&rsquo;une occasion la condamnation par la Mauritanie des crimes perp\u00e9tr\u00e9s par l&rsquo;entit\u00e9 sioniste.<\/p>\n<p><img loading=\"lazy\" decoding=\"async\" class=\"alignnone size-full wp-image-4930\" src=\"https:\/\/partielinsaf.mr\/fr\/wp-content\/uploads\/2024\/08\/e9ebf23d-3a7a-4359-8c94-c65d3a643ed4-768x512-1.jpg\" alt=\"\" width=\"768\" height=\"512\" \/><\/p>\n","protected":false},"excerpt":{"rendered":"","protected":false},"author":1,"featured_media":4930,"comment_status":"closed","ping_status":"closed","sticky":false,"template":"","format":"standard","meta":{"footnotes":""},"categories":[51],"tags":[],"class_list":["post-4928","post","type-post","status-publish","format-standard","has-post-thumbnail","hentry","category-actualites"],"_links":{"self":[{"href":"https:\/\/partielinsaf.mr\/fr\/index.php?rest_route=\/wp\/v2\/posts\/4928","targetHints":{"allow":["GET"]}}],"collection":[{"href":"https:\/\/partielinsaf.mr\/fr\/index.php?rest_route=\/wp\/v2\/posts"}],"about":[{"href":"https:\/\/partielinsaf.mr\/fr\/index.php?rest_route=\/wp\/v2\/types\/post"}],"author":[{"embeddable":true,"href":"https:\/\/partielinsaf.mr\/fr\/index.php?rest_route=\/wp\/v2\/users\/1"}],"replies":[{"embeddable":true,"href":"https:\/\/partielinsaf.mr\/fr\/index.php?rest_route=%2Fwp%2Fv2%2Fcomments&post=4928"}],"version-history":[{"count":1,"href":"https:\/\/partielinsaf.mr\/fr\/index.php?rest_route=\/wp\/v2\/posts\/4928\/revisions"}],"predecessor-version":[{"id":4931,"href":"https:\/\/partielinsaf.mr\/fr\/index.php?rest_route=\/wp\/v2\/posts\/4928\/revisions\/4931"}],"wp:featuredmedia":[{"embeddable":true,"href":"https:\/\/partielinsaf.mr\/fr\/index.php?rest_route=\/wp\/v2\/media\/4930"}],"wp:attachment":[{"href":"https:\/\/partielinsaf.mr\/fr\/index.php?rest_route=%2Fwp%2Fv2%2Fmedia&parent=4928"}],"wp:term":[{"taxonomy":"category","embeddable":true,"href":"https:\/\/partielinsaf.mr\/fr\/index.php?rest_route=%2Fwp%2Fv2%2Fcategories&post=4928"},{"taxonomy":"post_tag","embeddable":true,"href":"https:\/\/partielinsaf.mr\/fr\/index.php?rest_route=%2Fwp%2Fv2%2Ftags&post=4928"}],"curies":[{"name":"wp","href":"https:\/\/api.w.org\/{rel}","templated":true}]}}