{"id":4885,"date":"2023-01-08T23:41:21","date_gmt":"2023-01-08T23:41:21","guid":{"rendered":"https:\/\/partielinsaf.mr\/fr\/?p=4885"},"modified":"2023-01-08T23:56:33","modified_gmt":"2023-01-08T23:56:33","slug":"le-president-du-parti-presente-les-consequences-aux-freres-senegalais-suite-a-un-douloureux-accident-de-la-circulation","status":"publish","type":"post","link":"https:\/\/partielinsaf.mr\/fr\/?p=4885","title":{"rendered":"Le pr\u00e9sident du parti pr\u00e9sente les condol\u00e9ances aux fr\u00e8res S\u00e9n\u00e9galais suite \u00e0 un douloureux accident de la circulation"},"content":{"rendered":"<p>Condol\u00e9ances<\/p>\n<p>Avec des c\u0153urs p\u00e9tris de douleur, mais soumis \u00e0 la destin\u00e9e divine, nous avons appris au Parti El Insaf le martyr de dizaines de nos fr\u00e8res s\u00e9n\u00e9galais \u00e0 la suite d&rsquo;un accident regrettable.<\/p>\n<p>Aussi, nous tenons \u00e0 exprimer nos sinc\u00e8res condol\u00e9ances \u00e0 tous les s\u00e9n\u00e9galais touch\u00e9s par cette \u00e9preuve, en implorant Allah le Mis\u00e9ricordieux d&rsquo;accueillir en Son paradis ces martyrs et d&rsquo;inspirer patience et r\u00e9signation aux leurs.<\/p>\n<p>Inna lillah wa inna ileyh rajioune<\/p>\n<p>Nouakchott 08\/01\/2023<\/p>\n<p>Mohamed Malainine Ould Eyih<\/p>\n<p>Pr\u00e9sident du Parti El Insaf<\/p>\n","protected":false},"excerpt":{"rendered":"<p>Condol\u00e9ances Avec des c\u0153urs p\u00e9tris de douleur, mais soumis \u00e0 la destin\u00e9e divine, nous avons appris au Parti El Insaf le martyr de dizaines de nos fr\u00e8res s\u00e9n\u00e9galais \u00e0 la suite d&rsquo;un accident regrettable. Aussi, nous tenons \u00e0 exprimer nos sinc\u00e8res condol\u00e9ances \u00e0 tous les s\u00e9n\u00e9galais touch\u00e9s par cette \u00e9preuve, en implorant Allah le Mis\u00e9ricordieux &hellip;<\/p>\n","protected":false},"author":5,"featured_media":4886,"comment_status":"closed","ping_status":"closed","sticky":false,"template":"","format":"standard","meta":{"footnotes":""},"categories":[51,65],"tags":[],"class_list":["post-4885","post","type-post","status-publish","format-standard","has-post-thumbnail","hentry","category-actualites","category-condoleances"],"_links":{"self":[{"href":"https:\/\/partielinsaf.mr\/fr\/index.php?rest_route=\/wp\/v2\/posts\/4885","targetHints":{"allow":["GET"]}}],"collection":[{"href":"https:\/\/partielinsaf.mr\/fr\/index.php?rest_route=\/wp\/v2\/posts"}],"about":[{"href":"https:\/\/partielinsaf.mr\/fr\/index.php?rest_route=\/wp\/v2\/types\/post"}],"author":[{"embeddable":true,"href":"https:\/\/partielinsaf.mr\/fr\/index.php?rest_route=\/wp\/v2\/users\/5"}],"replies":[{"embeddable":true,"href":"https:\/\/partielinsaf.mr\/fr\/index.php?rest_route=%2Fwp%2Fv2%2Fcomments&post=4885"}],"version-history":[{"count":2,"href":"https:\/\/partielinsaf.mr\/fr\/index.php?rest_route=\/wp\/v2\/posts\/4885\/revisions"}],"predecessor-version":[{"id":4888,"href":"https:\/\/partielinsaf.mr\/fr\/index.php?rest_route=\/wp\/v2\/posts\/4885\/revisions\/4888"}],"wp:featuredmedia":[{"embeddable":true,"href":"https:\/\/partielinsaf.mr\/fr\/index.php?rest_route=\/wp\/v2\/media\/4886"}],"wp:attachment":[{"href":"https:\/\/partielinsaf.mr\/fr\/index.php?rest_route=%2Fwp%2Fv2%2Fmedia&parent=4885"}],"wp:term":[{"taxonomy":"category","embeddable":true,"href":"https:\/\/partielinsaf.mr\/fr\/index.php?rest_route=%2Fwp%2Fv2%2Fcategories&post=4885"},{"taxonomy":"post_tag","embeddable":true,"href":"https:\/\/partielinsaf.mr\/fr\/index.php?rest_route=%2Fwp%2Fv2%2Ftags&post=4885"}],"curies":[{"name":"wp","href":"https:\/\/api.w.org\/{rel}","templated":true}]}}